{"id":67,"date":"2019-03-10T12:46:33","date_gmt":"2019-03-10T12:46:33","guid":{"rendered":"http:\/\/sociosambientales.innovandolaweb.com\/2016\/09\/23\/hello-world-2\/"},"modified":"2019-03-15T17:54:03","modified_gmt":"2019-03-15T17:54:03","slug":"ecologia-mineria-ilegal-y-candidez-politica","status":"publish","type":"post","link":"https:\/\/socioambientales.com\/en\/ecologia-mineria-ilegal-y-candidez-politica\/","title":{"rendered":"Ecolog\u00eda, miner\u00eda ilegal y candidez pol\u00edtica"},"content":{"rendered":"<p>En el ecosistema del Estado es c\u00e1ndido asociar m\u00e9ritos personales con \u00e9xito pol\u00edtico. As\u00ed, el factor crucial para prevalecer contra la\u00a0<strong>miner\u00eda ilegal<\/strong>, ahora que el Gobierno decidi\u00f3 enfrentarla, ser\u00e1 la lealtad del Presidente con sus ministras de Agricultura y Ambiente, cuando las papas verdaderamente quemen.<\/p>\n<p>La intervenci\u00f3n contra la\u00a0<strong>miner\u00eda ilegal<\/strong>\u00a0en\u00a0<strong>Madre de Dios<\/strong>\u00a0y la renovaci\u00f3n ministerial confluyeron en esta reflexi\u00f3n, digamos ecol\u00f3gica, sobre el Estado. Muchas personas de buena voluntad han celebrado las virtudes personales y profesionales de las nuevas ministras, y les han deseado \u201c\u00e9xito\u201d. \u00bfC\u00f3mo y qui\u00e9n mide el \u00e9xito? Gente de excelentes cualidades ingresa al Estado, solo para ver sucumbir hasta sus m\u00e1s humildes intenciones o para meter la pata como nunca so\u00f1aron hacerlo. Gente desagradable obtiene logros hist\u00f3ricos. (\u00bfQui\u00e9n estableci\u00f3 el Ministerio del Ambiente? \u00bfQui\u00e9n obtuvo la paz con Ecuador?) Un ministro chiche\u00f1\u00f3 que termina su turno sin pena ni gloria, tuvo \u00e9xito. Un ministro que rompe lanzas contra alg\u00fan poder corrupto, lo dejan solo y pierde, \u00bfha fracasado? En el ecosistema del Estado (cualquier Estado) es c\u00e1ndido asociar m\u00e9ritos personales con \u00e9xito pol\u00edtico. Cualquier celebraci\u00f3n ciudadana no cabe al ingreso, sino a la salida.<\/p>\n<p>Aqu\u00ed otro aspecto: Se ha criticado que el Organismo de Supervisi\u00f3n de los Recursos Forestales (OSINFOR), que estaba adscrito a la PCM, haya pasado al MINAM, porque, seg\u00fan los cr\u00edticos, pierde autonom\u00eda; condici\u00f3n contenida en el Tratado de Libre Comercio con los EE. UU., para evitar conflictos de intereses entre la promoci\u00f3n y la vigilancia del sector maderero, tan delictivo. Hugo Che Piu, abogado enterado, explica que, buscando ese grial, \u201ces una pr\u00e1ctica la adscripci\u00f3n a un (m)inisterio neutro como podr\u00eda ser la Presidencia del Consejo de Ministros\u201d. C\u00e1ndida pr\u00e1ctica, pues cualquiera que haya pasado cinco minutos en el ala izquierda de Palacio de Gobierno, donde funciona la PCM, sabe que ah\u00ed confluyen, para torcer decisiones, todos los intereses creados y poderes oscuros del pa\u00eds, todos los d\u00edas. La PCM no es un \u00e1rbitro imparcial de los asuntos de Estado, sino el lugar desde donde se orquestan la ideolog\u00eda y las inclinaciones de un gobierno. En sus vetustas salas y corredores, a pasos del Presidente, se negocia lo que callan los ministros. No es el ojo del hurac\u00e1n del poder: es el hurac\u00e1n mismo. Un organismo adscrito a la PCM no tiene autonom\u00eda.<\/p>\n<p>Los caudillos y emisarios de los mineros informales e ilegales (ambientalmente es lo mismo) son caseritos de la PCM. Saben que desde ah\u00ed pueden llegar al Presidente, al Primer Ministro, al \u2013hasta hoy insobornable\u2013 Ministerio del Ambiente. Los ejes de la actual intervenci\u00f3n son los mismos de antes: persecuci\u00f3n policial y financiera, remediaci\u00f3n social y ambiental, formalizaci\u00f3n ilusa. Ahora, sin embargo, las voluntades y los presupuestos est\u00e1n mejor alineados. El Ministerio de Agricultura liderar\u00eda la reforestaci\u00f3n y el \u201cdesarrollo alternativo\u201d. Fabiola Mu\u00f1oz, que desde el MINAM ofreci\u00f3 el rostro amistoso de la intervenci\u00f3n en Madre de Dios, ha pasado al MINAGRI; mientras que su viceministra m\u00e1s cercana asume Ambiente. No ser\u00e1 su carisma combinado, sino su astucia para sobrevivir al ajedrez con trampa; y la lealtad y el respaldo que reciban del Presidente y del Premier, cuando las papas ardan, lo que definir\u00e1\u00a0<em>su<\/em>\u00a0\u00e9xito o\u00a0<em>nuestro<\/em>\u00a0fracaso.<\/p>\n<p style=\"font-size: 10px;\">Fuerte:\u00a0<strong>RPP Noticias<\/strong><\/p>","protected":false},"excerpt":{"rendered":"<p>En el ecosistema del Estado es c\u00e1ndido asociar m\u00e9ritos personales con \u00e9xito pol\u00edtico. As\u00ed, el factor crucial para prevalecer contra la\u00a0miner\u00eda ilegal, ahora que el Gobierno decidi\u00f3 enfrentarla, ser\u00e1 la lealtad del Presidente con sus ministras de Agricultura y Ambiente, cuando las papas verdaderamente quemen. La intervenci\u00f3n contra la\u00a0miner\u00eda ilegal\u00a0en\u00a0Madre de Dios\u00a0y la renovaci\u00f3n ministerial<\/p>","protected":false},"author":1,"featured_media":353,"comment_status":"closed","ping_status":"closed","sticky":false,"template":"","format":"standard","meta":{"footnotes":""},"categories":[502],"tags":[],"class_list":["post-67","post","type-post","status-publish","format-standard","has-post-thumbnail","hentry","category-noticias"],"_links":{"self":[{"href":"https:\/\/socioambientales.com\/en\/wp-json\/wp\/v2\/posts\/67","targetHints":{"allow":["GET"]}}],"collection":[{"href":"https:\/\/socioambientales.com\/en\/wp-json\/wp\/v2\/posts"}],"about":[{"href":"https:\/\/socioambientales.com\/en\/wp-json\/wp\/v2\/types\/post"}],"author":[{"embeddable":true,"href":"https:\/\/socioambientales.com\/en\/wp-json\/wp\/v2\/users\/1"}],"replies":[{"embeddable":true,"href":"https:\/\/socioambientales.com\/en\/wp-json\/wp\/v2\/comments?post=67"}],"version-history":[{"count":5,"href":"https:\/\/socioambientales.com\/en\/wp-json\/wp\/v2\/posts\/67\/revisions"}],"predecessor-version":[{"id":354,"href":"https:\/\/socioambientales.com\/en\/wp-json\/wp\/v2\/posts\/67\/revisions\/354"}],"wp:featuredmedia":[{"embeddable":true,"href":"https:\/\/socioambientales.com\/en\/wp-json\/wp\/v2\/media\/353"}],"wp:attachment":[{"href":"https:\/\/socioambientales.com\/en\/wp-json\/wp\/v2\/media?parent=67"}],"wp:term":[{"taxonomy":"category","embeddable":true,"href":"https:\/\/socioambientales.com\/en\/wp-json\/wp\/v2\/categories?post=67"},{"taxonomy":"post_tag","embeddable":true,"href":"https:\/\/socioambientales.com\/en\/wp-json\/wp\/v2\/tags?post=67"}],"curies":[{"name":"wp","href":"https:\/\/api.w.org\/{rel}","templated":true}]}}