{"id":345,"date":"2019-03-15T17:08:37","date_gmt":"2019-03-15T17:08:37","guid":{"rendered":"http:\/\/sociosambientales.innovandolaweb.com\/?p=345"},"modified":"2019-05-06T20:55:18","modified_gmt":"2019-05-06T20:55:18","slug":"las-bambas-estallido-social-en-el-corredor-minero-hace-sonar-las-alarmas-de-conflictos","status":"publish","type":"post","link":"https:\/\/socioambientales.com\/en\/las-bambas-estallido-social-en-el-corredor-minero-hace-sonar-las-alarmas-de-conflictos\/","title":{"rendered":"Las Bambas: Estallido social en el corredor minero hace sonar las alarmas de conflictos"},"content":{"rendered":"<h3 id=\"p619906-m608-2-609\" class=\"news-summary\">La radicalizaci\u00f3n del conflicto en torno a Las Bambas pone en jaque a esta megainversi\u00f3n y dificulta el panorama para los proyectos que se desarrollan en el corredor minero del sur<\/h3>\n<p id=\"p619906-m593-592-594\" class=\"parrafo first-parrafo\">El bloqueo del\u00a0<b>corredor minero<\/b>\u00a0del sur a la altura de\u00a0<b>Yavi Yavi<\/b>(Cusco) tiene en vilo al Gobierno y a la\u00a0<b>miner\u00eda<\/b>.<\/p>\n<p id=\"p619906-m603-1-604\" class=\"parrafo first-parrafo\">Desde que los comuneros de\u00a0<b>Las Bambas<\/b>\u00a0(Apur\u00edmac) obstruyeron la v\u00eda hace 49 d\u00edas,\u00a0<b>la mina ha dejado de despachar concentrados de cobre por valor de US$294 millones<\/b>\u00a0(US$6 millones diarios), privando al gobierno de Apur\u00edmac de S\/41 millones en regal\u00edas.<br \/>\nSin embargo, la producci\u00f3n de la unidad minera a\u00fan no se ha visto impactada.<\/p>\n<p id=\"p619906-m618-3-619\" class=\"parrafo first-parrafo\">\u201cHasta ahora, el proyecto est\u00e1 en observaci\u00f3n por el mercado del\u00a0<b>cobre<\/b>, pero si el bloqueo se extiende 10 d\u00edas m\u00e1s el foco global se pondr\u00e1 all\u00ed\u201d, anota Juan Carlos Guajardo, director de la consultora chilena Plusmining.<\/p>\n<p id=\"p619906-m623-4-624\" class=\"parrafo first-parrafo\">\u00bfPor qu\u00e9 este plazo? Luis Rivera, ex CEO de Las Bambas y presidente del Instituto de Ingenieros de Minas del Per\u00fa, explica que las grandes minas tienen dos meses de autonom\u00eda para almacenar concentrados in-situ. Eso significa que el inventario de mineral en Las Bambas se agotar\u00e1 la pr\u00f3xima semana y el conflicto empezar\u00e1 a pasar factura a la unidad minera.<\/p>\n<p id=\"p619906-m628-5-629\" class=\"parrafo first-parrafo\">\u201c<b>Las Bambas produce 400 mil toneladas anuales de cobre, que representan el 2% de la producci\u00f3n mundial<\/b>. Su detenci\u00f3n se har\u00e1 sentir en la cotizaci\u00f3n y la oferta de cobre\u201d, advierte Rivera.<\/p>\n<p id=\"p619906-m633-6-634\" class=\"parrafo first-parrafo\">Las Bambas se convertir\u00e1, as\u00ed, en un conflicto de escala global.<\/p>\n<p id=\"p619906-m638-7-639\" class=\"parrafo first-parrafo\"><b>LAS BAMBAS Y EL OLEODUCTO<\/b><\/p>\n<p id=\"p619906-m643-8-644\" class=\"parrafo first-parrafo\">Los sucesos en Yavi Yavi han puesto nuevamente sobre el tapete la amenaza de la conflictividad social en miner\u00eda, un problema que hab\u00eda pasado desapercibido en los \u00faltimos a\u00f1os. \u201cLos inversionistas nacionales e internacionales est\u00e1n mirando con preocupaci\u00f3n el tema\u201d, apunta V\u00edctor G\u00f3bitz, CEO de\u00a0<b>Buenaventura<\/b>.<\/p>\n<p id=\"p619906-m648-9-649\" class=\"parrafo first-parrafo\">Seg\u00fan una reciente encuesta de percepci\u00f3n minera elaborada por el BCR,\u00a0<b>los conflictos sociales vuelven a ser considerados la principal amenaza para los proyectos mineros<\/b>, por encima de las demoras en el otorgamiento de permisos y los problemas de financiamiento.<\/p>\n<p id=\"p619906-m653-10-654\" class=\"parrafo first-parrafo\">Asi lo refrenda la Sociedad Nacional de Miner\u00eda, Petr\u00f3leo y Energ\u00eda (<b>SNMPE<\/b>).<\/p>\n<p id=\"p619906-m658-11-659\" class=\"parrafo first-parrafo\">\u201cEn lo que va del a\u00f1o, vemos con preocupaci\u00f3n una creciente espiral de conflictividad, que tiene dos expresiones principales: la rotura del Oleoducto Norperuano en Mayuriaga y el bloqueo de Las Bambas\u201d, remarca Pablo de la Flor, director ejecutivo de la SNMPE.<\/p>\n<p id=\"p619906-m663-12-664\" class=\"parrafo first-parrafo\">\u00bfSon estos casos aislados o parte de un cuadro m\u00e1s grande?<\/p>\n<p id=\"p619906-m668-13-669\" class=\"parrafo first-parrafo\"><b>ALARMA EN EL CORREDOR<\/b><\/p>\n<p id=\"p619906-m673-14-674\" class=\"parrafo first-parrafo\">El \u00faltimo reporte semestral del\u00a0<b>Observatorio de Conflictos Mineros en el Per\u00fa<\/b>\u00a0muestra que la conflictividad en el 2018 fue \u201cde baja intensidad\u201d, pero con un sesgo al alza en el \u00faltimo trimestre.<br \/>\nLo visto en los \u00faltimos meses sugiere que esta tendencia se est\u00e1 intensificando.<\/p>\n<p id=\"p619906-m678-15-679\" class=\"parrafo first-parrafo\">\u201cEl 2019 no ser\u00e1 el mismo escenario del 2018. Claramente, la tendencia de los conflictos sociales es al alza\u201d, advierte Jos\u00e9 de Echave, director de la asociaci\u00f3n civil CooperAcci\u00f3n.<\/p>\n<p id=\"p619906-m683-16-684\" class=\"parrafo first-parrafo\">Se\u00f1ala, como casos visibles, el reciente paro en Bambamarca (en demanda de la remediaci\u00f3n de pasivos ambientales) y el descontento en el Cusco y Apur\u00edmac, donde no solo MMG Las Bambas enfrenta problemas, sino tambi\u00e9n Glencore (proyecto Coroccohuayco).<\/p>\n<p style=\"font-size: 10px;\">Fuerte: <strong>El Comercio Per\u00fa<\/strong><\/p>\n<p>&nbsp;<\/p>","protected":false},"excerpt":{"rendered":"<p>La radicalizaci\u00f3n del conflicto en torno a Las Bambas pone en jaque a esta megainversi\u00f3n y dificulta el panorama para los proyectos que se desarrollan en el corredor minero del sur El bloqueo del\u00a0corredor minero\u00a0del sur a la altura de\u00a0Yavi Yavi(Cusco) tiene en vilo al Gobierno y a la\u00a0miner\u00eda. Desde que los comuneros de\u00a0Las Bambas\u00a0(Apur\u00edmac)<\/p>","protected":false},"author":1,"featured_media":483,"comment_status":"closed","ping_status":"closed","sticky":false,"template":"","format":"standard","meta":{"footnotes":""},"categories":[502],"tags":[],"class_list":["post-345","post","type-post","status-publish","format-standard","has-post-thumbnail","hentry","category-noticias"],"_links":{"self":[{"href":"https:\/\/socioambientales.com\/en\/wp-json\/wp\/v2\/posts\/345","targetHints":{"allow":["GET"]}}],"collection":[{"href":"https:\/\/socioambientales.com\/en\/wp-json\/wp\/v2\/posts"}],"about":[{"href":"https:\/\/socioambientales.com\/en\/wp-json\/wp\/v2\/types\/post"}],"author":[{"embeddable":true,"href":"https:\/\/socioambientales.com\/en\/wp-json\/wp\/v2\/users\/1"}],"replies":[{"embeddable":true,"href":"https:\/\/socioambientales.com\/en\/wp-json\/wp\/v2\/comments?post=345"}],"version-history":[{"count":3,"href":"https:\/\/socioambientales.com\/en\/wp-json\/wp\/v2\/posts\/345\/revisions"}],"predecessor-version":[{"id":484,"href":"https:\/\/socioambientales.com\/en\/wp-json\/wp\/v2\/posts\/345\/revisions\/484"}],"wp:featuredmedia":[{"embeddable":true,"href":"https:\/\/socioambientales.com\/en\/wp-json\/wp\/v2\/media\/483"}],"wp:attachment":[{"href":"https:\/\/socioambientales.com\/en\/wp-json\/wp\/v2\/media?parent=345"}],"wp:term":[{"taxonomy":"category","embeddable":true,"href":"https:\/\/socioambientales.com\/en\/wp-json\/wp\/v2\/categories?post=345"},{"taxonomy":"post_tag","embeddable":true,"href":"https:\/\/socioambientales.com\/en\/wp-json\/wp\/v2\/tags?post=345"}],"curies":[{"name":"wp","href":"https:\/\/api.w.org\/{rel}","templated":true}]}}