{"id":1,"date":"2019-03-02T15:19:25","date_gmt":"2019-03-02T15:19:25","guid":{"rendered":"http:\/\/sociosambientales.innovandolaweb.com\/?p=1"},"modified":"2019-03-15T19:03:08","modified_gmt":"2019-03-15T19:03:08","slug":"estas-son-las-cinco-regiones-del-peru-con-mayor-deforestacion-en-el-2018","status":"publish","type":"post","link":"https:\/\/socioambientales.com\/en\/estas-son-las-cinco-regiones-del-peru-con-mayor-deforestacion-en-el-2018\/","title":{"rendered":"Estas son las cinco regiones del Per\u00fa con mayor deforestaci\u00f3n en el 2018"},"content":{"rendered":"<p>Un an\u00e1lisis elaborado por el Proyecto de Monitoreo de la Amazon\u00eda Andina (MAAP) al que tuvo acceso Mongabay Latam, se\u00f1ala que, en la\u00a0<strong>Amazon\u00eda<\/strong>\u00a0sur, principalmente en Madre de Dios, se concentraron los puntos de mayor desbosque.<\/p>\n<p>La p\u00e9rdida de bosques en Per\u00fa durante el a\u00f1o 2018 ha sido intensa. Seg\u00fan un\u00a0an\u00e1lisis de im\u00e1genes satelitales\u00a0del Proyecto de Monitoreo de la Amazon\u00eda Andina (MAAP), los hostspots o\u00a0<strong>puntos de mayor deforestaci\u00f3n \u00a0se concentraron en las regiones de Madre de Dios, Ucayali, Puno, Hu\u00e1nuco y Loreto<\/strong>.<\/p>\n<p>Las im\u00e1genes muestran c\u00f3mo ha avanzado la deforestaci\u00f3n en por lo menos cinco sectores de la selva peruana por causa de la miner\u00eda ilegal de oro y las actividades agropecuarias. En algunos casos, la agricultura se ha extendido de manera il\u00edcita en concesiones forestales y en Bosques de Protecci\u00f3n Permanente (BPP), explica el informe de MAAP al que tuvo acceso en exclusiva Mongabay Latam.<\/p>\n<p>Matt Finer, investigador principal de MAAP y uno de los responsables del an\u00e1lisis, explica que el sistema de alertas tempranas sobre el que se basa este an\u00e1lisis permite tener un balance anual muy r\u00e1pidamente, es decir, en los primeros meses del a\u00f1o siguiente de tal forma que se puedan definir \u201cdonde se necesitan realizar las acciones pol\u00edticas\u201d.<\/p>\n<p>Esta vez, los puntos m\u00e1s cr\u00edticos estuvieron en la Amazon\u00eda sur, principalmente en Madre de Dios, a diferencia del a\u00f1o pasado, cuando la p\u00e9rdida de bosque m\u00e1s alta correspondi\u00f3 a la zona central de la Amazon\u00eda, a\u00f1ade Finer sobre los resultados obtenidos por MAAP, una iniciativa desarrollada por Conservaci\u00f3n Amaz\u00f3nica (ACCA) y Amazon Conservation (ACA).<\/p>\n<p>&nbsp;<\/p>","protected":false},"excerpt":{"rendered":"<p>Un an\u00e1lisis elaborado por el Proyecto de Monitoreo de la Amazon\u00eda Andina (MAAP) al que tuvo acceso Mongabay Latam, se\u00f1ala que, en la\u00a0Amazon\u00eda\u00a0sur, principalmente en Madre de Dios, se concentraron los puntos de mayor desbosque. La p\u00e9rdida de bosques en Per\u00fa durante el a\u00f1o 2018 ha sido intensa. Seg\u00fan un\u00a0an\u00e1lisis de im\u00e1genes satelitales\u00a0del Proyecto de<\/p>","protected":false},"author":1,"featured_media":356,"comment_status":"closed","ping_status":"closed","sticky":false,"template":"","format":"standard","meta":{"footnotes":""},"categories":[502],"tags":[],"class_list":["post-1","post","type-post","status-publish","format-standard","has-post-thumbnail","hentry","category-noticias"],"_links":{"self":[{"href":"https:\/\/socioambientales.com\/en\/wp-json\/wp\/v2\/posts\/1","targetHints":{"allow":["GET"]}}],"collection":[{"href":"https:\/\/socioambientales.com\/en\/wp-json\/wp\/v2\/posts"}],"about":[{"href":"https:\/\/socioambientales.com\/en\/wp-json\/wp\/v2\/types\/post"}],"author":[{"embeddable":true,"href":"https:\/\/socioambientales.com\/en\/wp-json\/wp\/v2\/users\/1"}],"replies":[{"embeddable":true,"href":"https:\/\/socioambientales.com\/en\/wp-json\/wp\/v2\/comments?post=1"}],"version-history":[{"count":4,"href":"https:\/\/socioambientales.com\/en\/wp-json\/wp\/v2\/posts\/1\/revisions"}],"predecessor-version":[{"id":357,"href":"https:\/\/socioambientales.com\/en\/wp-json\/wp\/v2\/posts\/1\/revisions\/357"}],"wp:featuredmedia":[{"embeddable":true,"href":"https:\/\/socioambientales.com\/en\/wp-json\/wp\/v2\/media\/356"}],"wp:attachment":[{"href":"https:\/\/socioambientales.com\/en\/wp-json\/wp\/v2\/media?parent=1"}],"wp:term":[{"taxonomy":"category","embeddable":true,"href":"https:\/\/socioambientales.com\/en\/wp-json\/wp\/v2\/categories?post=1"},{"taxonomy":"post_tag","embeddable":true,"href":"https:\/\/socioambientales.com\/en\/wp-json\/wp\/v2\/tags?post=1"}],"curies":[{"name":"wp","href":"https:\/\/api.w.org\/{rel}","templated":true}]}}